{"id":879,"date":"2020-04-21T08:50:00","date_gmt":"2020-04-21T06:50:00","guid":{"rendered":"https:\/\/www.markson.fr\/blog-marketing-digital\/?p=879"},"modified":"2020-11-20T13:56:30","modified_gmt":"2020-11-20T12:56:30","slug":"vie-privee-et-reseaux-sociaux-vers-une-diminution-des-echanges","status":"publish","type":"post","link":"https:\/\/www.markson.fr\/blog-marketing-digital\/vie-privee-et-reseaux-sociaux-vers-une-diminution-des-echanges\/","title":{"rendered":"Vie priv\u00e9e et r\u00e9seaux sociaux : vers une diminution des \u00e9changes"},"content":{"rendered":"\n<!--more-->\n\n\n\n<h2 class=\"wp-block-heading\"><strong><strong><strong><strong>Un nouveau besoin chez les utilisateurs\u2026<\/strong><\/strong><\/strong><\/strong><\/h2>\n\n\n\n<p>Aujourd\u2019hui, on assiste \u00e0 une certaine <strong>\u00e9volution de la perception<\/strong> des r\u00e9seaux sociaux et de leur utilisation. Il y a encore quelques ann\u00e9es, tout le monde partageait en masse sur les r\u00e9seaux, \u00e0 tout le monde, tout le temps. Mais depuis peu, la tendance est ailleurs. Avec un besoin croissant de <strong>confidentialit\u00e9<\/strong>, les utilisateurs tendent \u00e0 <strong>s\u00e9lectionner<\/strong> davantage ce qu\u2019ils diffusent et surtout, \u00e0 qui ils le diffusent. Autrement dit, les cercles se r\u00e9duisent, se referment, et nous voil\u00e0 donc confront\u00e9s \u00e0 une<strong> privatisation des \u00e9changes.&nbsp;<\/strong><\/p>\n\n\n\n<h2 class=\"wp-block-heading\"><strong><strong><strong><strong><strong>L\u2019opportunit\u00e9 saisie par les r\u00e9seaux sociaux :<\/strong><\/strong><\/strong><\/strong><\/strong><\/h2>\n\n\n\n<p>Les g\u00e9ants des <a href=\"\/agence-reseaux-sociaux-annecy\/\" target=\"_blank\" rel=\"noreferrer noopener\">r\u00e9seaux sociaux<\/a> ont bien compris ces comportements \u00e9mergents. Prenons l\u2019exemple de Snapchat et d\u2019Instagram, qui ont mis en place de<strong> nouvelles fonctionnalit\u00e9s<\/strong> pour r\u00e9pondre \u00e0 ce besoin.&nbsp;<br>Snapchat permet d\u00e9sormais de partager des <strong>stories priv\u00e9es<\/strong>, tout comme Instagram, avec la sortie de la liste <strong>\u201camis proches\u201d<\/strong>. Ces deux fonctionnalit\u00e9s permettent de choisir un petit groupe de contacts, tri\u00e9s parmis votre liste d\u2019abonn\u00e9s, qui repr\u00e9sente d\u00e9j\u00e0 une s\u00e9lection pr\u00e9alable ! Nous voil\u00e0 donc face \u00e0 des cercles priv\u00e9s au sein de cercles priv\u00e9s\u2026 Et Instagram va m\u00eame plus loin, avec la cr\u00e9ation de <strong>Threads<\/strong>, <strong>sa nouvelle application<\/strong> regroupant uniquement les contacts de la liste \u201camis proches\u201d.<\/p>\n\n\n\n<div class=\"wp-block-image\"><figure class=\"aligncenter size-large is-resized\"><img loading=\"lazy\" decoding=\"async\" src=\"https:\/\/www.markson.fr\/blog-marketing-digital\/wp-content\/uploads\/2020\/07\/Screenshot-2020-07-10-at-11.13.43-1024x304.png\" alt=\"\" class=\"wp-image-882\" width=\"457\" height=\"136\" srcset=\"https:\/\/www.markson.fr\/blog-marketing-digital\/wp-content\/uploads\/2020\/07\/Screenshot-2020-07-10-at-11.13.43-1024x304.png 1024w, https:\/\/www.markson.fr\/blog-marketing-digital\/wp-content\/uploads\/2020\/07\/Screenshot-2020-07-10-at-11.13.43-300x89.png 300w, https:\/\/www.markson.fr\/blog-marketing-digital\/wp-content\/uploads\/2020\/07\/Screenshot-2020-07-10-at-11.13.43-768x228.png 768w, https:\/\/www.markson.fr\/blog-marketing-digital\/wp-content\/uploads\/2020\/07\/Screenshot-2020-07-10-at-11.13.43-360x107.png 360w, https:\/\/www.markson.fr\/blog-marketing-digital\/wp-content\/uploads\/2020\/07\/Screenshot-2020-07-10-at-11.13.43.png 1066w\" sizes=\"auto, (max-width: 457px) 100vw, 457px\" \/><figcaption>La fonctionnalit\u00e9 <strong>\u00ab\u00a0amis proches\u00a0\u00bb <\/strong>d&rsquo;Instagram et <strong>Threads<\/strong>, la nouvelle application d&rsquo;Instagram d\u00e9di\u00e9es aux amis proches.<\/figcaption><\/figure><\/div>\n\n\n\n<h2 class=\"wp-block-heading\"><strong><strong><strong><strong><strong><strong>Et les marques dans tout \u00e7a ?<\/strong><\/strong><\/strong><\/strong><\/strong><\/strong><\/h2>\n\n\n\n<p>En tant que marque, la premi\u00e8re \u00e9tape est de prendre conscience de cette mutation. La seconde est d\u2019adapter sa communication. Mais concr\u00e8tement, qu\u2019est-ce que \u00e7a change pour vous ?<\/p>\n\n\n\n<h3 class=\"wp-block-heading\"><strong>Un impact sur votre communication<\/strong> : instaurer une communication plus proche, un climat de confiance et de personnalisation.<\/h3>\n\n\n\n<div class=\"wp-block-columns is-layout-flex wp-container-core-columns-is-layout-1 wp-block-columns-is-layout-flex\">\n<div class=\"wp-block-column is-layout-flow wp-block-column-is-layout-flow\" style=\"flex-basis:66.66%\">\n<p>L\u2019objectif ici est de faire na\u00eetre un sentiment de privatisation et une relation nouvelle entre le client et la marque. Le <strong>ton<\/strong> <strong>adopt\u00e9<\/strong> aidera \u00e0 cela, bien qu\u2019ils doivent \u00e9videmment rester en ad\u00e9quation avec l\u2019image et la fibre de l\u2019entreprise ! Il doit s\u2019adapter \u00e0 votre cible, c\u2019est le plus important. La naissance de cette <strong>relation privil\u00e9gi\u00e9e<\/strong> passe \u00e9galement par <strong>l&rsquo;interaction.<\/strong> Pour pousser \u00e0 l\u2019engagement, il va \u00eatre int\u00e9ressant d\u2019int\u00e9grer davantage l\u2019utilisateur \u00e0 sa communication. Pour cela, petit tour d\u2019horizon de quelques <strong>outils<\/strong> et fonctionnalit\u00e9s Instagram :&nbsp;<\/p>\n<\/div>\n\n\n\n<div class=\"wp-block-column is-layout-flow wp-block-column-is-layout-flow\" style=\"flex-basis:33.33%\">\n<figure class=\"wp-block-image size-large is-resized\"><img loading=\"lazy\" decoding=\"async\" src=\"https:\/\/www.markson.fr\/blog-marketing-digital\/wp-content\/uploads\/2020\/07\/Screenshot-2020-07-10-at-11.19.51-3.png\" alt=\"\" class=\"wp-image-887\" width=\"386\" height=\"211\" srcset=\"https:\/\/www.markson.fr\/blog-marketing-digital\/wp-content\/uploads\/2020\/07\/Screenshot-2020-07-10-at-11.19.51-3.png 680w, https:\/\/www.markson.fr\/blog-marketing-digital\/wp-content\/uploads\/2020\/07\/Screenshot-2020-07-10-at-11.19.51-3-300x164.png 300w, https:\/\/www.markson.fr\/blog-marketing-digital\/wp-content\/uploads\/2020\/07\/Screenshot-2020-07-10-at-11.19.51-3-360x197.png 360w\" sizes=\"auto, (max-width: 386px) 100vw, 386px\" \/><figcaption>Sondages, questions, quiz, barres de progression, countdowns, chat priv\u00e9s, live, etc.<\/figcaption><\/figure>\n<\/div>\n<\/div>\n\n\n\n<h3 class=\"wp-block-heading\"><strong><strong>Un impact sur la publicit\u00e9 : <\/strong><\/strong>l\u2019\u00e9mergence de ce mode d\u2019utilisation des r\u00e9seaux sociaux va cr\u00e9er chez les utilisateurs, une forme d\u2019exigence&#8230;<\/h3>\n\n\n\n<p style=\"background-color:#f5fff7\" class=\"has-background has-text-align-center\"><strong>Cercle priv\u00e9 + S\u00e9lection de diffusion \u2192 par cons\u00e9quent, s\u00e9lection du contenu qui que l\u2019utilisateur souhaite voir&nbsp;<\/strong><\/p>\n\n\n\n<p>Pour que votre publicit\u00e9 soit <strong>accept\u00e9e<\/strong> par l\u2019utilisateur, et qu\u2019elle soit donc efficace, il va \u00eatre important de lui proposer\u2026 Ce qu\u2019il veut voir ! Pour cela, quelques points \u00e0 ne pas oublier :<\/p>\n\n\n\n<ul class=\"wp-block-list\"><li><strong>Bien travailler son ciblage <\/strong>(on ne vous apprend rien, mais ce n\u2019est pas si mal de garder les basiques en t\u00eate). On arrive donc presque \u00e0 un stade de <strong>micro-ciblage<\/strong>, ce qui nous permet d\u2019\u00eatre s\u00fbr de toucher les bonnes personnes.<\/li><\/ul>\n\n\n\n<ul class=\"wp-block-list\"><li>Proposer un contenu <strong>natif<\/strong> et <strong>non agressif, <\/strong>ou en tout cas donner l\u2019illusion que c\u2019est authentique. \ud83d\ude09<\/li><\/ul>\n\n\n\n<ul class=\"wp-block-list\"><li>Utiliser des <strong>leviers d\u2019influence tel que les micro-influenceurs, <\/strong>pour \u00eatre au plus pr\u00e8s du consommateur, de sa vision de choses et de son mode de vie. Gr\u00e2ce \u00e0 une diffusion via un micro-influenceur, le <strong>message passe mieux <\/strong>et est <strong>mieux accept\u00e9<\/strong> car finalement, c&rsquo;est l\u2019utilisateur qui a choisi l&rsquo;influenceur qu\u2019il suit. Il a donc choisi son contenu ! L&rsquo;utilisateur se retrouve alors en ad\u00e9quation avec les <strong>valeurs<\/strong> du micro-influenceur et automatiquement, le produit propos\u00e9 par l\u2019influenceur l\u2019est \u00e9galement. C\u2019est un sacr\u00e9 raccourci, mais c\u2019est grossi\u00e8rement le lien qui se produit dans l\u2019esprit de chacun.&nbsp; Eh oui, l\u2019utilisateur en a <strong>marre du fake <\/strong>et des discours marketings pr\u00e9fabriqu\u00e9s ! Il ne se laisse plus berner. Il a besoin <strong>d&rsquo;authenticit\u00e9<\/strong> pour se projeter. Cet \u00e9tat d\u2019esprit va d\u2019ailleurs de pair avec les mouvements de pens\u00e9e actuels sur les r\u00e9seaux comme, comme dans nos modes de vie :&nbsp;<\/li><\/ul>\n\n\n\n<p><strong>\u201cMoins mais mieux.\u201d, \u201cLa qualit\u00e9 plut\u00f4t que la quantit\u00e9<\/strong>.\u201d&nbsp;<\/p>\n\n\n\n<p>On arrive alors \u00e0 un nouveau niveau de sophistication du message et de la publicit\u00e9, avec le slow advertising<em>,<\/em> mais \u00e7a, c\u2019est une autre histoire ! \ud83d\ude09<\/p>\n\n\n\n<hr class=\"wp-block-separator\"\/>\n\n\n\n<p>R\u00e9dig\u00e9 par <a href=\"https:\/\/www.linkedin.com\/in\/ma%C3%ABva-di-marino\/\" target=\"_blank\" rel=\"noreferrer noopener\">Ma\u00ebva<\/a>, Social Media Manager chez Markson.<\/p>\n\n\n\n<div class=\"wp-block-button aligncenter is-style-fill\"><a class=\"wp-block-button__link no-border-radius\" href=\"\/contacter-agence-web-annecy\/\" target=\"_blank\" rel=\"noreferrer noopener\">On en discute ENSEMBLE ?<\/a><\/div>\n\n\n\n<p><\/p>\n","protected":false},"excerpt":{"rendered":"","protected":false},"author":2,"featured_media":880,"comment_status":"open","ping_status":"open","sticky":false,"template":"","format":"standard","meta":{"footnotes":""},"categories":[32],"tags":[],"class_list":["post-879","post","type-post","status-publish","format-standard","has-post-thumbnail","hentry","category-reseaux-sociaux"],"yoast_head":"<!-- This site is optimized with the Yoast SEO plugin v20.5 - https:\/\/yoast.com\/wordpress\/plugins\/seo\/ -->\n<title>Vie priv\u00e9e et r\u00e9seaux sociaux : vers une diminution des \u00e9changes - Blog Business Better MARKSON B2B<\/title>\n<meta name=\"robots\" content=\"index, follow, max-snippet:-1, max-image-preview:large, max-video-preview:-1\" \/>\n<link rel=\"canonical\" href=\"https:\/\/www.markson.fr\/blog-marketing-digital\/vie-privee-et-reseaux-sociaux-vers-une-diminution-des-echanges\/\" \/>\n<meta property=\"og:locale\" content=\"fr_FR\" \/>\n<meta property=\"og:type\" content=\"article\" \/>\n<meta property=\"og:title\" content=\"Vie priv\u00e9e et r\u00e9seaux sociaux : vers une diminution des \u00e9changes - Blog Business Better MARKSON B2B\" \/>\n<meta property=\"og:url\" content=\"https:\/\/www.markson.fr\/blog-marketing-digital\/vie-privee-et-reseaux-sociaux-vers-une-diminution-des-echanges\/\" \/>\n<meta property=\"og:site_name\" content=\"Blog Business Better MARKSON B2B\" \/>\n<meta property=\"article:published_time\" content=\"2020-04-21T06:50:00+00:00\" \/>\n<meta property=\"article:modified_time\" content=\"2020-11-20T12:56:30+00:00\" \/>\n<meta property=\"og:image\" content=\"https:\/\/www.markson.fr\/blog-marketing-digital\/wp-content\/uploads\/2020\/07\/door-green-closed-lock-4291-scaled.jpg\" \/>\n\t<meta property=\"og:image:width\" content=\"2560\" \/>\n\t<meta property=\"og:image:height\" content=\"1707\" \/>\n\t<meta property=\"og:image:type\" content=\"image\/jpeg\" \/>\n<meta name=\"author\" content=\"olivier_markson_blog\" \/>\n<meta name=\"twitter:card\" content=\"summary_large_image\" \/>\n<meta name=\"twitter:label1\" content=\"\u00c9crit par\" \/>\n\t<meta name=\"twitter:data1\" content=\"olivier_markson_blog\" \/>\n\t<meta name=\"twitter:label2\" content=\"Dur\u00e9e de lecture estim\u00e9e\" \/>\n\t<meta name=\"twitter:data2\" content=\"4 minutes\" \/>\n<script type=\"application\/ld+json\" class=\"yoast-schema-graph\">{\"@context\":\"https:\/\/schema.org\",\"@graph\":[{\"@type\":\"WebPage\",\"@id\":\"https:\/\/www.markson.fr\/blog-marketing-digital\/vie-privee-et-reseaux-sociaux-vers-une-diminution-des-echanges\/\",\"url\":\"https:\/\/www.markson.fr\/blog-marketing-digital\/vie-privee-et-reseaux-sociaux-vers-une-diminution-des-echanges\/\",\"name\":\"Vie priv\u00e9e et r\u00e9seaux sociaux : vers une diminution des \u00e9changes - Blog Business Better MARKSON B2B\",\"isPartOf\":{\"@id\":\"https:\/\/www.markson.fr\/blog-marketing-digital\/#website\"},\"datePublished\":\"2020-04-21T06:50:00+00:00\",\"dateModified\":\"2020-11-20T12:56:30+00:00\",\"author\":{\"@id\":\"https:\/\/www.markson.fr\/blog-marketing-digital\/#\/schema\/person\/788434078eb4cc3f0ae327831e2d4de3\"},\"breadcrumb\":{\"@id\":\"https:\/\/www.markson.fr\/blog-marketing-digital\/vie-privee-et-reseaux-sociaux-vers-une-diminution-des-echanges\/#breadcrumb\"},\"inLanguage\":\"fr-FR\",\"potentialAction\":[{\"@type\":\"ReadAction\",\"target\":[\"https:\/\/www.markson.fr\/blog-marketing-digital\/vie-privee-et-reseaux-sociaux-vers-une-diminution-des-echanges\/\"]}]},{\"@type\":\"BreadcrumbList\",\"@id\":\"https:\/\/www.markson.fr\/blog-marketing-digital\/vie-privee-et-reseaux-sociaux-vers-une-diminution-des-echanges\/#breadcrumb\",\"itemListElement\":[{\"@type\":\"ListItem\",\"position\":1,\"name\":\"Accueil\",\"item\":\"https:\/\/www.markson.fr\/blog-marketing-digital\/\"},{\"@type\":\"ListItem\",\"position\":2,\"name\":\"Vie priv\u00e9e et r\u00e9seaux sociaux : vers une diminution des \u00e9changes\"}]},{\"@type\":\"WebSite\",\"@id\":\"https:\/\/www.markson.fr\/blog-marketing-digital\/#website\",\"url\":\"https:\/\/www.markson.fr\/blog-marketing-digital\/\",\"name\":\"Blog Business Better MARKSON B2B\",\"description\":\"Des news pour vous tenir informer sur le marketing digital et le modern selling\",\"potentialAction\":[{\"@type\":\"SearchAction\",\"target\":{\"@type\":\"EntryPoint\",\"urlTemplate\":\"https:\/\/www.markson.fr\/blog-marketing-digital\/?s={search_term_string}\"},\"query-input\":\"required name=search_term_string\"}],\"inLanguage\":\"fr-FR\"},{\"@type\":\"Person\",\"@id\":\"https:\/\/www.markson.fr\/blog-marketing-digital\/#\/schema\/person\/788434078eb4cc3f0ae327831e2d4de3\",\"name\":\"olivier_markson_blog\",\"image\":{\"@type\":\"ImageObject\",\"inLanguage\":\"fr-FR\",\"@id\":\"https:\/\/www.markson.fr\/blog-marketing-digital\/#\/schema\/person\/image\/\",\"url\":\"https:\/\/secure.gravatar.com\/avatar\/0cd8bfc04cdd6a0f9d8b5ea0bd22d371?s=96&d=mm&r=g\",\"contentUrl\":\"https:\/\/secure.gravatar.com\/avatar\/0cd8bfc04cdd6a0f9d8b5ea0bd22d371?s=96&d=mm&r=g\",\"caption\":\"olivier_markson_blog\"},\"url\":\"https:\/\/www.markson.fr\/blog-marketing-digital\/author\/olivier_markson_blog\/\"}]}<\/script>\n<!-- \/ Yoast SEO plugin. -->","yoast_head_json":{"title":"Vie priv\u00e9e et r\u00e9seaux sociaux : vers une diminution des \u00e9changes - Blog Business Better MARKSON B2B","robots":{"index":"index","follow":"follow","max-snippet":"max-snippet:-1","max-image-preview":"max-image-preview:large","max-video-preview":"max-video-preview:-1"},"canonical":"https:\/\/www.markson.fr\/blog-marketing-digital\/vie-privee-et-reseaux-sociaux-vers-une-diminution-des-echanges\/","og_locale":"fr_FR","og_type":"article","og_title":"Vie priv\u00e9e et r\u00e9seaux sociaux : vers une diminution des \u00e9changes - Blog Business Better MARKSON B2B","og_url":"https:\/\/www.markson.fr\/blog-marketing-digital\/vie-privee-et-reseaux-sociaux-vers-une-diminution-des-echanges\/","og_site_name":"Blog Business Better MARKSON B2B","article_published_time":"2020-04-21T06:50:00+00:00","article_modified_time":"2020-11-20T12:56:30+00:00","og_image":[{"width":2560,"height":1707,"url":"https:\/\/www.markson.fr\/blog-marketing-digital\/wp-content\/uploads\/2020\/07\/door-green-closed-lock-4291-scaled.jpg","type":"image\/jpeg"}],"author":"olivier_markson_blog","twitter_card":"summary_large_image","twitter_misc":{"\u00c9crit par":"olivier_markson_blog","Dur\u00e9e de lecture estim\u00e9e":"4 minutes"},"schema":{"@context":"https:\/\/schema.org","@graph":[{"@type":"WebPage","@id":"https:\/\/www.markson.fr\/blog-marketing-digital\/vie-privee-et-reseaux-sociaux-vers-une-diminution-des-echanges\/","url":"https:\/\/www.markson.fr\/blog-marketing-digital\/vie-privee-et-reseaux-sociaux-vers-une-diminution-des-echanges\/","name":"Vie priv\u00e9e et r\u00e9seaux sociaux : vers une diminution des \u00e9changes - Blog Business Better MARKSON B2B","isPartOf":{"@id":"https:\/\/www.markson.fr\/blog-marketing-digital\/#website"},"datePublished":"2020-04-21T06:50:00+00:00","dateModified":"2020-11-20T12:56:30+00:00","author":{"@id":"https:\/\/www.markson.fr\/blog-marketing-digital\/#\/schema\/person\/788434078eb4cc3f0ae327831e2d4de3"},"breadcrumb":{"@id":"https:\/\/www.markson.fr\/blog-marketing-digital\/vie-privee-et-reseaux-sociaux-vers-une-diminution-des-echanges\/#breadcrumb"},"inLanguage":"fr-FR","potentialAction":[{"@type":"ReadAction","target":["https:\/\/www.markson.fr\/blog-marketing-digital\/vie-privee-et-reseaux-sociaux-vers-une-diminution-des-echanges\/"]}]},{"@type":"BreadcrumbList","@id":"https:\/\/www.markson.fr\/blog-marketing-digital\/vie-privee-et-reseaux-sociaux-vers-une-diminution-des-echanges\/#breadcrumb","itemListElement":[{"@type":"ListItem","position":1,"name":"Accueil","item":"https:\/\/www.markson.fr\/blog-marketing-digital\/"},{"@type":"ListItem","position":2,"name":"Vie priv\u00e9e et r\u00e9seaux sociaux : vers une diminution des \u00e9changes"}]},{"@type":"WebSite","@id":"https:\/\/www.markson.fr\/blog-marketing-digital\/#website","url":"https:\/\/www.markson.fr\/blog-marketing-digital\/","name":"Blog Business Better MARKSON B2B","description":"Des news pour vous tenir informer sur le marketing digital et le modern selling","potentialAction":[{"@type":"SearchAction","target":{"@type":"EntryPoint","urlTemplate":"https:\/\/www.markson.fr\/blog-marketing-digital\/?s={search_term_string}"},"query-input":"required name=search_term_string"}],"inLanguage":"fr-FR"},{"@type":"Person","@id":"https:\/\/www.markson.fr\/blog-marketing-digital\/#\/schema\/person\/788434078eb4cc3f0ae327831e2d4de3","name":"olivier_markson_blog","image":{"@type":"ImageObject","inLanguage":"fr-FR","@id":"https:\/\/www.markson.fr\/blog-marketing-digital\/#\/schema\/person\/image\/","url":"https:\/\/secure.gravatar.com\/avatar\/0cd8bfc04cdd6a0f9d8b5ea0bd22d371?s=96&d=mm&r=g","contentUrl":"https:\/\/secure.gravatar.com\/avatar\/0cd8bfc04cdd6a0f9d8b5ea0bd22d371?s=96&d=mm&r=g","caption":"olivier_markson_blog"},"url":"https:\/\/www.markson.fr\/blog-marketing-digital\/author\/olivier_markson_blog\/"}]}},"amp_enabled":true,"_links":{"self":[{"href":"https:\/\/www.markson.fr\/blog-marketing-digital\/wp-json\/wp\/v2\/posts\/879","targetHints":{"allow":["GET"]}}],"collection":[{"href":"https:\/\/www.markson.fr\/blog-marketing-digital\/wp-json\/wp\/v2\/posts"}],"about":[{"href":"https:\/\/www.markson.fr\/blog-marketing-digital\/wp-json\/wp\/v2\/types\/post"}],"author":[{"embeddable":true,"href":"https:\/\/www.markson.fr\/blog-marketing-digital\/wp-json\/wp\/v2\/users\/2"}],"replies":[{"embeddable":true,"href":"https:\/\/www.markson.fr\/blog-marketing-digital\/wp-json\/wp\/v2\/comments?post=879"}],"version-history":[{"count":0,"href":"https:\/\/www.markson.fr\/blog-marketing-digital\/wp-json\/wp\/v2\/posts\/879\/revisions"}],"wp:featuredmedia":[{"embeddable":true,"href":"https:\/\/www.markson.fr\/blog-marketing-digital\/wp-json\/wp\/v2\/media\/880"}],"wp:attachment":[{"href":"https:\/\/www.markson.fr\/blog-marketing-digital\/wp-json\/wp\/v2\/media?parent=879"}],"wp:term":[{"taxonomy":"category","embeddable":true,"href":"https:\/\/www.markson.fr\/blog-marketing-digital\/wp-json\/wp\/v2\/categories?post=879"},{"taxonomy":"post_tag","embeddable":true,"href":"https:\/\/www.markson.fr\/blog-marketing-digital\/wp-json\/wp\/v2\/tags?post=879"}],"curies":[{"name":"wp","href":"https:\/\/api.w.org\/{rel}","templated":true}]}}